{"id":1216,"date":"2022-04-08T12:42:53","date_gmt":"2022-04-08T10:42:53","guid":{"rendered":"https:\/\/www.imsc.es\/en\/?p=1216"},"modified":"2022-04-08T12:43:23","modified_gmt":"2022-04-08T10:43:23","slug":"the-new-course-begins-at-montessori-caracoliris","status":"publish","type":"post","link":"https:\/\/www.imsc.es\/en\/blog\/2022\/04\/08\/the-new-course-begins-at-montessori-caracoliris\/","title":{"rendered":"The new course begins at Montessori Caracoliris"},"content":{"rendered":"\n<p>September has arrived, and after a few days of summer rest, we return with enthusiasm and desire to start a new school year 2021\/2022 at Caracoliris International Montessori School. It is time for reunions with students who have trusted us the previous year, but also for new encounters with those who have wanted to join our great family. We all start a new stage where they are the main protagonists.<\/p>\n\n\n\n<h2 class=\"wp-block-heading\">First day in the Children&#8217;s Community<\/h2>\n\n\n\n<p>As you know, the <a href=\"https:\/\/www.imsc.es\/oferta-educativa\/\">educational offer<\/a> of our Montessori Caracoliris school in Malaga is divided into different stages: children&#8217;s community, House of children, Workshop 1 and Workshop 2. Our students of the <a href=\"https:\/\/www.imsc.es\/formacion-montessori\/comunidad-infantil\/\">Comunidad Infantil<\/a> are between 1- 3 years old . At this stage of development, children&#8217;s minds are at their peak activation. Thus, we offer them a caring environment in which children feel safe and want to explore the world around them.<\/p>\n\n\n\n<p>On this first day of adaptation of the children of the Children&#8217;s Community, the most important thing for us is that they do it naturally and that they feel comfortable to discover the environment in which they are going to develop their day to day.<\/p>\n\n\n\n<p>For this reason, the space we chose for this great moment was <strong>our forest,<\/strong> where being in contact with nature accompanied by their families is much easier for everyone.<\/p>\n\n\n\n<div class=\"wp-block-image\"><figure class=\"aligncenter\"><img decoding=\"async\" src=\"https:\/\/www.imsc.es\/wp-content\/uploads\/2021\/09\/caracoliris2.jpeg\" alt=\"Montessori Caracoliris M\u00e1laga\" class=\"wp-image-4804\" title=\"Montessori Caracoliris M\u00e1laga\"\/><\/figure><\/div>\n\n\n\n<h2 class=\"wp-block-heading\">La naturaleza un elemento clave<\/h2>\n\n\n\n<p>In our Montessori school, outer space is a place destined to discover concrete reality. In contact with nature our students have a large space. There they can move freely and get to know plants and animals to become familiar with them. In addition, this first day of adaptation of the Children&#8217;s Community we had time to work on fine motor skills with different activities to manipulate the materials by working with the movement of the hands.<\/p>\n\n\n\n<figure class=\"wp-block-image\"><img decoding=\"async\" src=\"https:\/\/www.imsc.es\/wp-content\/uploads\/2021\/09\/whatsapp-image-2021-09-11-at-15-59-12-1-1024x768.jpeg\" alt=\"Montessori Caracoliris Comunidad Infantil\" class=\"wp-image-4805\" title=\"Montessori Caracoliris Comunidad Infantil\"\/><\/figure>\n\n\n\n<p>The Children&#8217;s Community always brings us a smile. We are looking forward to sharing new learning with all of them at our Montessori Caracoliris school in Malaga.<\/p>\n","protected":false},"excerpt":{"rendered":"<p>September has arrived, and after a few days of summer rest, we return with enthusiasm and desire to start a new school year 2021\/2022 at Caracoliris International Montessori School. It is time for reunions with students who have trusted us<\/p>\n","protected":false},"author":7,"featured_media":0,"comment_status":"open","ping_status":"closed","sticky":false,"template":"","format":"standard","meta":{"inline_featured_image":false,"_genesis_hide_title":false,"_genesis_hide_breadcrumbs":false,"_genesis_hide_singular_image":false,"_genesis_hide_footer_widgets":false,"_genesis_custom_body_class":"","_genesis_custom_post_class":"","_genesis_layout":"","footnotes":""},"categories":[2,1],"tags":[],"class_list":{"0":"post-1216","1":"post","2":"type-post","3":"status-publish","4":"format-standard","6":"category-actividades","7":"category-news","8":"entry"},"gutentor_comment":3,"yoast_head":"<!-- This site is optimized with the Yoast SEO plugin v25.3 - https:\/\/yoast.com\/wordpress\/plugins\/seo\/ -->\n<title>The new course begins at Montessori Caracoliris - Caracoliris EN<\/title>\n<meta name=\"robots\" content=\"index, follow, max-snippet:-1, max-image-preview:large, max-video-preview:-1\" \/>\n<link rel=\"canonical\" href=\"https:\/\/www.imsc.es\/en\/blog\/2022\/04\/08\/the-new-course-begins-at-montessori-caracoliris\/\" \/>\n<meta property=\"og:locale\" content=\"en_US\" \/>\n<meta property=\"og:type\" content=\"article\" \/>\n<meta property=\"og:title\" content=\"The new course begins at Montessori Caracoliris - Caracoliris EN\" \/>\n<meta property=\"og:description\" content=\"September has arrived, and after a few days of summer rest, we return with enthusiasm and desire to start a new school year 2021\/2022 at Caracoliris International Montessori School. It is time for reunions with students who have trusted us\" \/>\n<meta property=\"og:url\" content=\"https:\/\/www.imsc.es\/en\/blog\/2022\/04\/08\/the-new-course-begins-at-montessori-caracoliris\/\" \/>\n<meta property=\"og:site_name\" content=\"Caracoliris EN\" \/>\n<meta property=\"article:published_time\" content=\"2022-04-08T10:42:53+00:00\" \/>\n<meta property=\"article:modified_time\" content=\"2022-04-08T10:43:23+00:00\" \/>\n<meta property=\"og:image\" content=\"https:\/\/www.imsc.es\/wp-content\/uploads\/2021\/09\/caracoliris2.jpeg\" \/>\n<meta name=\"author\" content=\"closemarketing\" \/>\n<meta name=\"twitter:card\" content=\"summary_large_image\" \/>\n<meta name=\"twitter:label1\" content=\"Written by\" \/>\n\t<meta name=\"twitter:data1\" content=\"closemarketing\" \/>\n\t<meta name=\"twitter:label2\" content=\"Est. reading time\" \/>\n\t<meta name=\"twitter:data2\" content=\"3 minutes\" \/>\n<script type=\"application\/ld+json\" class=\"yoast-schema-graph\">{\"@context\":\"https:\/\/schema.org\",\"@graph\":[{\"@type\":\"Article\",\"@id\":\"https:\/\/www.imsc.es\/en\/blog\/2022\/04\/08\/the-new-course-begins-at-montessori-caracoliris\/#article\",\"isPartOf\":{\"@id\":\"https:\/\/www.imsc.es\/en\/blog\/2022\/04\/08\/the-new-course-begins-at-montessori-caracoliris\/\"},\"author\":{\"name\":\"closemarketing\",\"@id\":\"https:\/\/www.imsc.es\/en\/#\/schema\/person\/25731013ff9a06b10841d4b86477c6a7\"},\"headline\":\"The new course begins at Montessori Caracoliris\",\"datePublished\":\"2022-04-08T10:42:53+00:00\",\"dateModified\":\"2022-04-08T10:43:23+00:00\",\"mainEntityOfPage\":{\"@id\":\"https:\/\/www.imsc.es\/en\/blog\/2022\/04\/08\/the-new-course-begins-at-montessori-caracoliris\/\"},\"wordCount\":339,\"commentCount\":0,\"publisher\":{\"@id\":\"https:\/\/www.imsc.es\/en\/#organization\"},\"image\":{\"@id\":\"https:\/\/www.imsc.es\/en\/blog\/2022\/04\/08\/the-new-course-begins-at-montessori-caracoliris\/#primaryimage\"},\"thumbnailUrl\":\"https:\/\/www.imsc.es\/wp-content\/uploads\/2021\/09\/caracoliris2.jpeg\",\"articleSection\":[\"Activities\",\"Latest News\"],\"inLanguage\":\"en-US\",\"potentialAction\":[{\"@type\":\"CommentAction\",\"name\":\"Comment\",\"target\":[\"https:\/\/www.imsc.es\/en\/blog\/2022\/04\/08\/the-new-course-begins-at-montessori-caracoliris\/#respond\"]}]},{\"@type\":\"WebPage\",\"@id\":\"https:\/\/www.imsc.es\/en\/blog\/2022\/04\/08\/the-new-course-begins-at-montessori-caracoliris\/\",\"url\":\"https:\/\/www.imsc.es\/en\/blog\/2022\/04\/08\/the-new-course-begins-at-montessori-caracoliris\/\",\"name\":\"The new course begins at Montessori Caracoliris - Caracoliris EN\",\"isPartOf\":{\"@id\":\"https:\/\/www.imsc.es\/en\/#website\"},\"primaryImageOfPage\":{\"@id\":\"https:\/\/www.imsc.es\/en\/blog\/2022\/04\/08\/the-new-course-begins-at-montessori-caracoliris\/#primaryimage\"},\"image\":{\"@id\":\"https:\/\/www.imsc.es\/en\/blog\/2022\/04\/08\/the-new-course-begins-at-montessori-caracoliris\/#primaryimage\"},\"thumbnailUrl\":\"https:\/\/www.imsc.es\/wp-content\/uploads\/2021\/09\/caracoliris2.jpeg\",\"datePublished\":\"2022-04-08T10:42:53+00:00\",\"dateModified\":\"2022-04-08T10:43:23+00:00\",\"breadcrumb\":{\"@id\":\"https:\/\/www.imsc.es\/en\/blog\/2022\/04\/08\/the-new-course-begins-at-montessori-caracoliris\/#breadcrumb\"},\"inLanguage\":\"en-US\",\"potentialAction\":[{\"@type\":\"ReadAction\",\"target\":[\"https:\/\/www.imsc.es\/en\/blog\/2022\/04\/08\/the-new-course-begins-at-montessori-caracoliris\/\"]}]},{\"@type\":\"ImageObject\",\"inLanguage\":\"en-US\",\"@id\":\"https:\/\/www.imsc.es\/en\/blog\/2022\/04\/08\/the-new-course-begins-at-montessori-caracoliris\/#primaryimage\",\"url\":\"https:\/\/www.imsc.es\/wp-content\/uploads\/2021\/09\/caracoliris2.jpeg\",\"contentUrl\":\"https:\/\/www.imsc.es\/wp-content\/uploads\/2021\/09\/caracoliris2.jpeg\"},{\"@type\":\"BreadcrumbList\",\"@id\":\"https:\/\/www.imsc.es\/en\/blog\/2022\/04\/08\/the-new-course-begins-at-montessori-caracoliris\/#breadcrumb\",\"itemListElement\":[{\"@type\":\"ListItem\",\"position\":1,\"name\":\"Portada\",\"item\":\"https:\/\/www.imsc.es\/en\/\"},{\"@type\":\"ListItem\",\"position\":2,\"name\":\"The new course begins at Montessori Caracoliris\"}]},{\"@type\":\"WebSite\",\"@id\":\"https:\/\/www.imsc.es\/en\/#website\",\"url\":\"https:\/\/www.imsc.es\/en\/\",\"name\":\"Caracoliris EN\",\"description\":\"Colegio Biling\u00fce Formaci\u00f3n Montessori en M\u00e1laga\",\"publisher\":{\"@id\":\"https:\/\/www.imsc.es\/en\/#organization\"},\"potentialAction\":[{\"@type\":\"SearchAction\",\"target\":{\"@type\":\"EntryPoint\",\"urlTemplate\":\"https:\/\/www.imsc.es\/en\/?s={search_term_string}\"},\"query-input\":{\"@type\":\"PropertyValueSpecification\",\"valueRequired\":true,\"valueName\":\"search_term_string\"}}],\"inLanguage\":\"en-US\"},{\"@type\":\"Organization\",\"@id\":\"https:\/\/www.imsc.es\/en\/#organization\",\"name\":\"Caracoliris EN\",\"url\":\"https:\/\/www.imsc.es\/en\/\",\"logo\":{\"@type\":\"ImageObject\",\"inLanguage\":\"en-US\",\"@id\":\"https:\/\/www.imsc.es\/en\/#\/schema\/logo\/image\/\",\"url\":\"https:\/\/www.imsc.es\/en\/wp-content\/uploads\/sites\/4\/2024\/02\/logo-horizontal-colores.png\",\"contentUrl\":\"https:\/\/www.imsc.es\/en\/wp-content\/uploads\/sites\/4\/2024\/02\/logo-horizontal-colores.png\",\"width\":1908,\"height\":690,\"caption\":\"Caracoliris EN\"},\"image\":{\"@id\":\"https:\/\/www.imsc.es\/en\/#\/schema\/logo\/image\/\"}},{\"@type\":\"Person\",\"@id\":\"https:\/\/www.imsc.es\/en\/#\/schema\/person\/25731013ff9a06b10841d4b86477c6a7\",\"name\":\"closemarketing\",\"image\":{\"@type\":\"ImageObject\",\"inLanguage\":\"en-US\",\"@id\":\"https:\/\/www.imsc.es\/en\/#\/schema\/person\/image\/\",\"url\":\"https:\/\/secure.gravatar.com\/avatar\/bb8c141dbc86f00686d72687a6845cc8e1cdf1a2367d600bf7109a39b3a23fd6?s=96&d=mm&r=g\",\"contentUrl\":\"https:\/\/secure.gravatar.com\/avatar\/bb8c141dbc86f00686d72687a6845cc8e1cdf1a2367d600bf7109a39b3a23fd6?s=96&d=mm&r=g\",\"caption\":\"closemarketing\"},\"url\":\"https:\/\/www.imsc.es\/en\/blog\/author\/closemarketing\/\"}]}<\/script>\n<!-- \/ Yoast SEO plugin. -->","yoast_head_json":{"title":"The new course begins at Montessori Caracoliris - Caracoliris EN","robots":{"index":"index","follow":"follow","max-snippet":"max-snippet:-1","max-image-preview":"max-image-preview:large","max-video-preview":"max-video-preview:-1"},"canonical":"https:\/\/www.imsc.es\/en\/blog\/2022\/04\/08\/the-new-course-begins-at-montessori-caracoliris\/","og_locale":"en_US","og_type":"article","og_title":"The new course begins at Montessori Caracoliris - Caracoliris EN","og_description":"September has arrived, and after a few days of summer rest, we return with enthusiasm and desire to start a new school year 2021\/2022 at Caracoliris International Montessori School. It is time for reunions with students who have trusted us","og_url":"https:\/\/www.imsc.es\/en\/blog\/2022\/04\/08\/the-new-course-begins-at-montessori-caracoliris\/","og_site_name":"Caracoliris EN","article_published_time":"2022-04-08T10:42:53+00:00","article_modified_time":"2022-04-08T10:43:23+00:00","og_image":[{"url":"https:\/\/www.imsc.es\/wp-content\/uploads\/2021\/09\/caracoliris2.jpeg","type":"","width":"","height":""}],"author":"closemarketing","twitter_card":"summary_large_image","twitter_misc":{"Written by":"closemarketing","Est. reading time":"3 minutes"},"schema":{"@context":"https:\/\/schema.org","@graph":[{"@type":"Article","@id":"https:\/\/www.imsc.es\/en\/blog\/2022\/04\/08\/the-new-course-begins-at-montessori-caracoliris\/#article","isPartOf":{"@id":"https:\/\/www.imsc.es\/en\/blog\/2022\/04\/08\/the-new-course-begins-at-montessori-caracoliris\/"},"author":{"name":"closemarketing","@id":"https:\/\/www.imsc.es\/en\/#\/schema\/person\/25731013ff9a06b10841d4b86477c6a7"},"headline":"The new course begins at Montessori Caracoliris","datePublished":"2022-04-08T10:42:53+00:00","dateModified":"2022-04-08T10:43:23+00:00","mainEntityOfPage":{"@id":"https:\/\/www.imsc.es\/en\/blog\/2022\/04\/08\/the-new-course-begins-at-montessori-caracoliris\/"},"wordCount":339,"commentCount":0,"publisher":{"@id":"https:\/\/www.imsc.es\/en\/#organization"},"image":{"@id":"https:\/\/www.imsc.es\/en\/blog\/2022\/04\/08\/the-new-course-begins-at-montessori-caracoliris\/#primaryimage"},"thumbnailUrl":"https:\/\/www.imsc.es\/wp-content\/uploads\/2021\/09\/caracoliris2.jpeg","articleSection":["Activities","Latest News"],"inLanguage":"en-US","potentialAction":[{"@type":"CommentAction","name":"Comment","target":["https:\/\/www.imsc.es\/en\/blog\/2022\/04\/08\/the-new-course-begins-at-montessori-caracoliris\/#respond"]}]},{"@type":"WebPage","@id":"https:\/\/www.imsc.es\/en\/blog\/2022\/04\/08\/the-new-course-begins-at-montessori-caracoliris\/","url":"https:\/\/www.imsc.es\/en\/blog\/2022\/04\/08\/the-new-course-begins-at-montessori-caracoliris\/","name":"The new course begins at Montessori Caracoliris - Caracoliris EN","isPartOf":{"@id":"https:\/\/www.imsc.es\/en\/#website"},"primaryImageOfPage":{"@id":"https:\/\/www.imsc.es\/en\/blog\/2022\/04\/08\/the-new-course-begins-at-montessori-caracoliris\/#primaryimage"},"image":{"@id":"https:\/\/www.imsc.es\/en\/blog\/2022\/04\/08\/the-new-course-begins-at-montessori-caracoliris\/#primaryimage"},"thumbnailUrl":"https:\/\/www.imsc.es\/wp-content\/uploads\/2021\/09\/caracoliris2.jpeg","datePublished":"2022-04-08T10:42:53+00:00","dateModified":"2022-04-08T10:43:23+00:00","breadcrumb":{"@id":"https:\/\/www.imsc.es\/en\/blog\/2022\/04\/08\/the-new-course-begins-at-montessori-caracoliris\/#breadcrumb"},"inLanguage":"en-US","potentialAction":[{"@type":"ReadAction","target":["https:\/\/www.imsc.es\/en\/blog\/2022\/04\/08\/the-new-course-begins-at-montessori-caracoliris\/"]}]},{"@type":"ImageObject","inLanguage":"en-US","@id":"https:\/\/www.imsc.es\/en\/blog\/2022\/04\/08\/the-new-course-begins-at-montessori-caracoliris\/#primaryimage","url":"https:\/\/www.imsc.es\/wp-content\/uploads\/2021\/09\/caracoliris2.jpeg","contentUrl":"https:\/\/www.imsc.es\/wp-content\/uploads\/2021\/09\/caracoliris2.jpeg"},{"@type":"BreadcrumbList","@id":"https:\/\/www.imsc.es\/en\/blog\/2022\/04\/08\/the-new-course-begins-at-montessori-caracoliris\/#breadcrumb","itemListElement":[{"@type":"ListItem","position":1,"name":"Portada","item":"https:\/\/www.imsc.es\/en\/"},{"@type":"ListItem","position":2,"name":"The new course begins at Montessori Caracoliris"}]},{"@type":"WebSite","@id":"https:\/\/www.imsc.es\/en\/#website","url":"https:\/\/www.imsc.es\/en\/","name":"Caracoliris EN","description":"Colegio Biling\u00fce Formaci\u00f3n Montessori en M\u00e1laga","publisher":{"@id":"https:\/\/www.imsc.es\/en\/#organization"},"potentialAction":[{"@type":"SearchAction","target":{"@type":"EntryPoint","urlTemplate":"https:\/\/www.imsc.es\/en\/?s={search_term_string}"},"query-input":{"@type":"PropertyValueSpecification","valueRequired":true,"valueName":"search_term_string"}}],"inLanguage":"en-US"},{"@type":"Organization","@id":"https:\/\/www.imsc.es\/en\/#organization","name":"Caracoliris EN","url":"https:\/\/www.imsc.es\/en\/","logo":{"@type":"ImageObject","inLanguage":"en-US","@id":"https:\/\/www.imsc.es\/en\/#\/schema\/logo\/image\/","url":"https:\/\/www.imsc.es\/en\/wp-content\/uploads\/sites\/4\/2024\/02\/logo-horizontal-colores.png","contentUrl":"https:\/\/www.imsc.es\/en\/wp-content\/uploads\/sites\/4\/2024\/02\/logo-horizontal-colores.png","width":1908,"height":690,"caption":"Caracoliris EN"},"image":{"@id":"https:\/\/www.imsc.es\/en\/#\/schema\/logo\/image\/"}},{"@type":"Person","@id":"https:\/\/www.imsc.es\/en\/#\/schema\/person\/25731013ff9a06b10841d4b86477c6a7","name":"closemarketing","image":{"@type":"ImageObject","inLanguage":"en-US","@id":"https:\/\/www.imsc.es\/en\/#\/schema\/person\/image\/","url":"https:\/\/secure.gravatar.com\/avatar\/bb8c141dbc86f00686d72687a6845cc8e1cdf1a2367d600bf7109a39b3a23fd6?s=96&d=mm&r=g","contentUrl":"https:\/\/secure.gravatar.com\/avatar\/bb8c141dbc86f00686d72687a6845cc8e1cdf1a2367d600bf7109a39b3a23fd6?s=96&d=mm&r=g","caption":"closemarketing"},"url":"https:\/\/www.imsc.es\/en\/blog\/author\/closemarketing\/"}]}},"featured_image_src":null,"featured_image_src_square":null,"author_info":{"display_name":"closemarketing","author_link":"https:\/\/www.imsc.es\/en\/blog\/author\/closemarketing\/"},"_links":{"self":[{"href":"https:\/\/www.imsc.es\/en\/wp-json\/wp\/v2\/posts\/1216","targetHints":{"allow":["GET"]}}],"collection":[{"href":"https:\/\/www.imsc.es\/en\/wp-json\/wp\/v2\/posts"}],"about":[{"href":"https:\/\/www.imsc.es\/en\/wp-json\/wp\/v2\/types\/post"}],"author":[{"embeddable":true,"href":"https:\/\/www.imsc.es\/en\/wp-json\/wp\/v2\/users\/7"}],"replies":[{"embeddable":true,"href":"https:\/\/www.imsc.es\/en\/wp-json\/wp\/v2\/comments?post=1216"}],"version-history":[{"count":1,"href":"https:\/\/www.imsc.es\/en\/wp-json\/wp\/v2\/posts\/1216\/revisions"}],"predecessor-version":[{"id":1217,"href":"https:\/\/www.imsc.es\/en\/wp-json\/wp\/v2\/posts\/1216\/revisions\/1217"}],"wp:attachment":[{"href":"https:\/\/www.imsc.es\/en\/wp-json\/wp\/v2\/media?parent=1216"}],"wp:term":[{"taxonomy":"category","embeddable":true,"href":"https:\/\/www.imsc.es\/en\/wp-json\/wp\/v2\/categories?post=1216"},{"taxonomy":"post_tag","embeddable":true,"href":"https:\/\/www.imsc.es\/en\/wp-json\/wp\/v2\/tags?post=1216"}],"curies":[{"name":"wp","href":"https:\/\/api.w.org\/{rel}","templated":true}]}}